{"id":64453,"date":"2024-03-02T10:29:46","date_gmt":"2024-03-02T09:29:46","guid":{"rendered":"http:\/\/www.sounds-of-south.de\/wordpress\/?p=64453"},"modified":"2024-03-02T10:29:48","modified_gmt":"2024-03-02T09:29:48","slug":"the-bluesanovas-02-02-2024-blues-rhede-konzertnachlese","status":"publish","type":"post","link":"http:\/\/www.sounds-of-south.de\/wordpress\/2024\/03\/02\/the-bluesanovas-02-02-2024-blues-rhede-konzertnachlese\/","title":{"rendered":"The Bluesanovas &#8211; 02.02.2024, blues, Rhede &#8211; Konzertnachlese"},"content":{"rendered":"\n<figure class=\"wp-block-image size-full\"><img loading=\"lazy\" decoding=\"async\" width=\"800\" height=\"533\" src=\"http:\/\/www.sounds-of-south.de\/wordpress\/wp-content\/uploads\/2024\/03\/BN-haupt.jpg\" alt=\"\" class=\"wp-image-64455\" srcset=\"http:\/\/www.sounds-of-south.de\/wordpress\/wp-content\/uploads\/2024\/03\/BN-haupt.jpg 800w, http:\/\/www.sounds-of-south.de\/wordpress\/wp-content\/uploads\/2024\/03\/BN-haupt-300x200.jpg 300w, http:\/\/www.sounds-of-south.de\/wordpress\/wp-content\/uploads\/2024\/03\/BN-haupt-768x512.jpg 768w\" sizes=\"auto, (max-width: 800px) 100vw, 800px\" \/><\/figure>\n\n\n<p>Mit den Bluesanovas spielt eine aufstrebende deutsche Bband im blues Rhede. Leider ist der Besuch am Freitag Abend sehr \u00fcberschaubar, obwohl das Quitett in den letzten Jahren doch einige Auszeichnungen gesammelt hat.<\/p>\n<p>Im Vergleich zum letzten Jahr hat sich das Gesicht der Band ver\u00e4ndert. Der bisherige S\u00e4nger Melvin Schulz ist zum Ende des Jahres ausgestiegen und wurde durch Till Seidel ersetzt. Der Qualit\u00e4t hat dies an diesem Abend nicht geschadet. Die Stimme ist vielleicht nicht ganz so pr\u00e4gnant, ich rede hier von Jammern auf hohem Niveau, daf\u00fcr bringt er aber als zweiter Gitarrist, auch mit vielen Solo-Parts, noch mehr Drive in die Songs, die dadurch rockiger erscheinen. Im Mittelpunkt des Gigs steht das aktuelle Album \u201eBig Love\u201c, was bei den Fans sehr gut ankommt und so schnell eine entsprechende Stimmung im blues herrscht, die gef\u00fchlt die Besucherzahl verdoppelt.<\/p>\n<p>In den knapp zweist\u00fcndigen Auftritt lassen die jungen M\u00fcnsteraner Blues, Rockabilly, Rock\u00b4n\u00b4Roll und Soul gekonnt ineinander verschmelzen. Neben dem charismatischen Seidel setzen insbesondere Nico Dreier an den Keyboards mit teilweise furiosen Soli und Filipe de la Torre mit feinen auf den Punkt gespielte Gitarren-Einlagen besondere Akzente. Dabei k\u00f6nnen sie sich voll auf die Rhythmusfraktion um Philipp Dreier an den Drums und Nikolas Karolewics am E-Bass und Kontrabass verlassen.<\/p>\n<p>So vergehen knapp zwei Stunden Musik wie im Fluge, in denen die Bluesanovas zeigen, dass sie nicht umsonst in den letzten Jahren einige Awards abger\u00e4umt haben und in der Zukunft durchaus eine gewichtige Rolle zumindest in Deutschland und den umliegenden L\u00e4ndern spielen k\u00f6nnen.<\/p>\n<p>Ein Dank geht auch an das blues f\u00fcr den netten Empfang und die M\u00f6glichkeit auch aus der eigentlich geschlossenen Empore zu fotografieren. Rhede war somit an dem Abend eine Reise Wert und es lohnt sich einmal auf die Webseite zu schauen, es finden \u00f6fter gute Acts den Weg in den kleinen, aber mit viel Liebe gef\u00fchrten Club.<\/p>\n<p><strong>Line-up:<\/strong><br \/>Till Seidel \u2013 vocals, guitar<br \/>Nico Dreier &#8211; keyboards<br \/>Filipe de la Torre \u2013 lguitar<br \/>Nikolas Karolewicz \u2013 bass<br \/>Philipp Dreier \u2013 drums<\/p>\n<p>Text &amp; Bilder: Gernot Mangold<\/p>\n<p><a href=\"https:\/\/www.thebluesanovas.de\/\">The Bluesanovas<\/a><br \/><a href=\"https:\/\/www.facebook.com\/bluesanovas\">The Bluesanovas bei Facebook<\/a><br \/><a href=\"https:\/\/www.blues-rhede.de\/\">blues Rhede<\/a><\/p>","protected":false},"excerpt":{"rendered":"<p>Mit den Bluesanovas spielt eine aufstrebende deutsche Bband im blues Rhede. Leider ist der Besuch am Freitag Abend sehr \u00fcberschaubar, obwohl das Quitett in den letzten Jahren doch einige Auszeichnungen gesammelt hat. Im Vergleich zum letzten Jahr hat sich das Gesicht der Band ver\u00e4ndert. Der bisherige S\u00e4nger Melvin Schulz ist zum Ende des Jahres ausgestiegen &hellip; <a href=\"http:\/\/www.sounds-of-south.de\/wordpress\/2024\/03\/02\/the-bluesanovas-02-02-2024-blues-rhede-konzertnachlese\/\" class=\"more-link\"><span class=\"screen-reader-text\">The Bluesanovas &#8211; 02.02.2024, blues, Rhede &#8211; Konzertnachlese<\/span> weiterlesen<\/a><\/p>\n","protected":false},"author":1,"featured_media":0,"comment_status":"open","ping_status":"open","sticky":false,"template":"","format":"standard","meta":{"footnotes":""},"categories":[1],"tags":[120,1600,3995],"class_list":["post-64453","post","type-post","status-publish","format-standard","hentry","category-allgemein","tag-blues","tag-rhede","tag-the-bluesanovas"],"_links":{"self":[{"href":"http:\/\/www.sounds-of-south.de\/wordpress\/wp-json\/wp\/v2\/posts\/64453","targetHints":{"allow":["GET"]}}],"collection":[{"href":"http:\/\/www.sounds-of-south.de\/wordpress\/wp-json\/wp\/v2\/posts"}],"about":[{"href":"http:\/\/www.sounds-of-south.de\/wordpress\/wp-json\/wp\/v2\/types\/post"}],"author":[{"embeddable":true,"href":"http:\/\/www.sounds-of-south.de\/wordpress\/wp-json\/wp\/v2\/users\/1"}],"replies":[{"embeddable":true,"href":"http:\/\/www.sounds-of-south.de\/wordpress\/wp-json\/wp\/v2\/comments?post=64453"}],"version-history":[{"count":3,"href":"http:\/\/www.sounds-of-south.de\/wordpress\/wp-json\/wp\/v2\/posts\/64453\/revisions"}],"predecessor-version":[{"id":64509,"href":"http:\/\/www.sounds-of-south.de\/wordpress\/wp-json\/wp\/v2\/posts\/64453\/revisions\/64509"}],"wp:attachment":[{"href":"http:\/\/www.sounds-of-south.de\/wordpress\/wp-json\/wp\/v2\/media?parent=64453"}],"wp:term":[{"taxonomy":"category","embeddable":true,"href":"http:\/\/www.sounds-of-south.de\/wordpress\/wp-json\/wp\/v2\/categories?post=64453"},{"taxonomy":"post_tag","embeddable":true,"href":"http:\/\/www.sounds-of-south.de\/wordpress\/wp-json\/wp\/v2\/tags?post=64453"}],"curies":[{"name":"wp","href":"https:\/\/api.w.org\/{rel}","templated":true}]}}