{"id":61058,"date":"2023-06-25T16:54:09","date_gmt":"2023-06-25T14:54:09","guid":{"rendered":"http:\/\/www.sounds-of-south.de\/wordpress\/?p=61058"},"modified":"2023-06-25T16:54:11","modified_gmt":"2023-06-25T14:54:11","slug":"danny-vera-the-new-black-and-white-selected-cd-review","status":"publish","type":"post","link":"http:\/\/www.sounds-of-south.de\/wordpress\/2023\/06\/25\/danny-vera-the-new-black-and-white-selected-cd-review\/","title":{"rendered":"Danny Vera \u2013 The New Black And White Selected \u2013 CD-Review"},"content":{"rendered":"\n<figure class=\"wp-block-image size-full\"><img loading=\"lazy\" decoding=\"async\" width=\"300\" height=\"300\" src=\"http:\/\/www.sounds-of-south.de\/wordpress\/wp-content\/uploads\/2023\/06\/cover-Danny-Vera-The-New-Black-White-Selected-300.jpg\" alt=\"\" class=\"wp-image-61059\" srcset=\"http:\/\/www.sounds-of-south.de\/wordpress\/wp-content\/uploads\/2023\/06\/cover-Danny-Vera-The-New-Black-White-Selected-300.jpg 300w, http:\/\/www.sounds-of-south.de\/wordpress\/wp-content\/uploads\/2023\/06\/cover-Danny-Vera-The-New-Black-White-Selected-300-150x150.jpg 150w\" sizes=\"auto, (max-width: 300px) 100vw, 300px\" \/><\/figure>\n\n\n<p>Review: Michael Segets<\/p>\n<p>Musikalisch breit Interessierten k\u00f6nnte Danny Vera vom Free European Song Contest bekannt sein. Stefan Raab produzierte die Show, die sich an den Eurovision Song Contest anlehnt. In der zweiten und bislang letzten Veranstaltung im Jahr 2021 landete der Niederl\u00e4nder Danny Vera mit \u201eRoller Coaster\u201c auf dem zweiten Platz. Er verwies Milow auf den dritten Rang und musste sich nur Rea Garvey geschlagen geben. Der in Middleburg geborene Musiker genie\u00dft in unserem Nachbarland einen hohen Bekanntheitsgrad. Zwei seiner Alben erreichten dort Gold-Status.<\/p>\n<p>Mir war Vera bislang unbekannt. Die Pressefotos, die ihn im Nadelstreifenanzug mit zur\u00fcckgek\u00e4mmten Haaren und aufblitzenden T\u00e4towierungen zeigen, r\u00fcckten in Kombination mit den Ank\u00fcndigung, dass er eine eigenwillige Kombination aus Rock \u2018n\u2018 Roll, Country, Soul und Americana pr\u00e4sentiert, meine Assoziationen in Richtung Willy DeVille. Beim ersten H\u00f6ren von \u201eThe New Black And White Selected\u201c kommt mir aber eher Frank Sinatra und das Rat Pack als Vergleichspunkt in den Sinn. Die Affinit\u00e4t zur Musik der 1950er und 1960er Jahre zeigt er auch als Radiomoderator der Sendung Vera\u2018s Vintage Vibes.<\/p>\n<p>Beim Opener \u201eSorrow\u2019s Leavin\u2019 Town\u201d wandelt Vera auf den Spuren des Swings. \u201eSnow In April\u201c und \u201eExpendable Time\u201c versetzen dann vollst\u00e4ndig in dessen goldene Zeit zur\u00fcck. Die Songs sind mit Bl\u00e4sern beziehungsweise Streicher opulent arrangiert. Anders als das angejazzte \u201eA Fadin\u2018 Blue\u201c liegt die Country-Ballade \u201eToothpick Louis\u201d noch eher im Dunstkreis der von SoS-Lesern bevorzugten Musik. Von Interesse d\u00fcrften aber vor allem die am Americana orientierten Songs sein. Hervorzuheben sind hier das sanfte \u201eYou (First Take)\u201c und \u201eMake It A Memory\u201d, das Vera im Duett mit Jacqueline Govaert singt. Govaert ist die Frontfrau von Krezip, einer in den Niederlanden sehr erfolgreichen Band.<\/p>\n<p>Gelungen sind dar\u00fcber hinaus die Coverversionen von \u201eIn The Ghetto\u201c (Elvis Presley), \u201eAll I Wanna Do Is Make Love To You\u201d (Heart) und \u201eBack To Black\u201d (Amy Winehouse). Vera f\u00e4hrt die instrumentale Begleitung stark zur\u00fcck und interpretiert die St\u00fccke deutlich abweichend vom jeweiligen Original. Die bekannten Songs erscheinen so pur und auf das Wesentliche konzentriert in einem neuen Licht.<\/p>\n<p>\u201eThe New Black And White Selected\u201d stellt eine Auswahl von Titeln dar, die bereits in der gleichnamigen EP-Reihe erschienen sind. Die Serie umfasst f\u00fcnf Teile, die Danny Vera in den letzten zehn Jahren ver\u00f6ffentlichte. Er verfolgt dabei zum Teil eine Wiederbelebung des Swing, zum Teil fallen die Songs in einen weitgefassten Bereich des Americana. Neben Eigenkompositionen stellt Vera einige bemerkenswerte Cover vor, die zu den Highlights der Collection geh\u00f6ren.<\/p>\n<p><strong> Excelsior Recordings \u2013 V2\/Bertus (2023)<br>\nStil: Americana, Swing<\/strong><\/p>\n<p>Tracks:<br>\n01. Sorrow\u2019s Leavin\u2019 Town<br>\n02. Make It A Memory<br>\n03. A Fadin\u2019 Blue<br>\n04. Snow In April<br>\n05. In The Ghetto<br>\n06. Expandable Time<br>\n07. Best Days Of My Life<br>\n08. All I Wanna Do Is Make Love To You<br>\n09. In Every Way<br>\n10. Back To Black<br>\n11. You (First Take)<br>\n12. Toothpick Louis<\/p>\n<p><a href=\"https:\/\/dannyvera.com\">Danny Vera<\/a><br>\n<a href=\"https:\/\/www.facebook.com\/dannyveraofficial\">Danny Vera bei Facebook<\/a><br>\n<a href=\"https:\/\/www.bertus.com\/\">Bertus<\/a><\/p>","protected":false},"excerpt":{"rendered":"<p>Review: Michael Segets Musikalisch breit Interessierten k\u00f6nnte Danny Vera vom Free European Song Contest bekannt sein. Stefan Raab produzierte die Show, die sich an den Eurovision Song Contest anlehnt. In der zweiten und bislang letzten Veranstaltung im Jahr 2021 landete der Niederl\u00e4nder Danny Vera mit \u201eRoller Coaster\u201c auf dem zweiten Platz. Er verwies Milow auf &hellip; <a href=\"http:\/\/www.sounds-of-south.de\/wordpress\/2023\/06\/25\/danny-vera-the-new-black-and-white-selected-cd-review\/\" class=\"more-link\"><span class=\"screen-reader-text\">Danny Vera \u2013 The New Black And White Selected \u2013 CD-Review<\/span> weiterlesen<\/a><\/p>\n","protected":false},"author":1,"featured_media":0,"comment_status":"open","ping_status":"open","sticky":false,"template":"","format":"standard","meta":{"footnotes":""},"categories":[1],"tags":[5097],"class_list":["post-61058","post","type-post","status-publish","format-standard","hentry","category-allgemein","tag-willy-deville"],"_links":{"self":[{"href":"http:\/\/www.sounds-of-south.de\/wordpress\/wp-json\/wp\/v2\/posts\/61058","targetHints":{"allow":["GET"]}}],"collection":[{"href":"http:\/\/www.sounds-of-south.de\/wordpress\/wp-json\/wp\/v2\/posts"}],"about":[{"href":"http:\/\/www.sounds-of-south.de\/wordpress\/wp-json\/wp\/v2\/types\/post"}],"author":[{"embeddable":true,"href":"http:\/\/www.sounds-of-south.de\/wordpress\/wp-json\/wp\/v2\/users\/1"}],"replies":[{"embeddable":true,"href":"http:\/\/www.sounds-of-south.de\/wordpress\/wp-json\/wp\/v2\/comments?post=61058"}],"version-history":[{"count":2,"href":"http:\/\/www.sounds-of-south.de\/wordpress\/wp-json\/wp\/v2\/posts\/61058\/revisions"}],"predecessor-version":[{"id":61257,"href":"http:\/\/www.sounds-of-south.de\/wordpress\/wp-json\/wp\/v2\/posts\/61058\/revisions\/61257"}],"wp:attachment":[{"href":"http:\/\/www.sounds-of-south.de\/wordpress\/wp-json\/wp\/v2\/media?parent=61058"}],"wp:term":[{"taxonomy":"category","embeddable":true,"href":"http:\/\/www.sounds-of-south.de\/wordpress\/wp-json\/wp\/v2\/categories?post=61058"},{"taxonomy":"post_tag","embeddable":true,"href":"http:\/\/www.sounds-of-south.de\/wordpress\/wp-json\/wp\/v2\/tags?post=61058"}],"curies":[{"name":"wp","href":"https:\/\/api.w.org\/{rel}","templated":true}]}}