{"id":52880,"date":"2022-04-12T19:38:30","date_gmt":"2022-04-12T17:38:30","guid":{"rendered":"http:\/\/www.sounds-of-south.de\/wordpress\/?p=52880"},"modified":"2022-04-17T17:46:54","modified_gmt":"2022-04-17T15:46:54","slug":"julian-sas-band-10-04-2022-musiekcentrum-de-bosuil-weert-konzertbericht","status":"publish","type":"post","link":"http:\/\/www.sounds-of-south.de\/wordpress\/2022\/04\/12\/julian-sas-band-10-04-2022-musiekcentrum-de-bosuil-weert-konzertbericht\/","title":{"rendered":"Julian Sas Band, 08.04.2022 &#8211; Musiekcentrum De Bosuil, Weert, Konzertbericht"},"content":{"rendered":"\n<figure class=\"wp-block-image size-full\"><img loading=\"lazy\" decoding=\"async\" width=\"800\" height=\"533\" src=\"http:\/\/www.sounds-of-south.de\/wordpress\/wp-content\/uploads\/2022\/04\/Sas_haupt.jpg\" alt=\"\" class=\"wp-image-52882\" srcset=\"http:\/\/www.sounds-of-south.de\/wordpress\/wp-content\/uploads\/2022\/04\/Sas_haupt.jpg 800w, http:\/\/www.sounds-of-south.de\/wordpress\/wp-content\/uploads\/2022\/04\/Sas_haupt-300x200.jpg 300w, http:\/\/www.sounds-of-south.de\/wordpress\/wp-content\/uploads\/2022\/04\/Sas_haupt-768x512.jpg 768w\" sizes=\"auto, (max-width: 800px) 100vw, 800px\" \/><\/figure>\n\n\n<p>Die letzten 16 Monate waren f\u00fcr die Julian Sas Band mehr als turbulent. Nicht m\u00f6gliche Konzerte schon weiter im Vorfeld durch die Corona Pandemie, viel gravierender aber war der Tod des Bassisten Fotis und sehr guten Freundes aller Bandmitglieder. Trotz dieses Schicksalsschlags entschloss sich die Band mit \u201eElectracoustic\u201c ein Album einzuspielen, das erst vor wenigen Wochen ver\u00f6ffentlicht wurde, in dem Barend Courbois den Basspart \u00fcbernahm.<\/p>\n<p>Nun offenbarte sich endlich die M\u00f6glichkeit, das Werk zu promoten. Auch hier gab es zum Album Ver\u00e4nderungen zur Band. Roland Bakker, der sich momentan nicht in der Lage sieht, zu touren, war nicht dabei. Demnach trat die Julian Sas Band in Weert als Trio auf, in dem Edwin van Huik der neue Bassist ist.<\/p>\n<p>P\u00fcnktlich um 21:15 war die Halle ordentlich gef\u00fcllt. Unter dem Applaus der Besucher betraten die drei Musiker die B\u00fchne und brachten mit dem fast obligatorischen \u201eHomefeelin`\u201czum Aufw\u00e4rmen erst einmal Altbekanntes. Danach stand insbesondere im ersten Set das neue Album \u201eElectracoustic\u201c, das im Laufe des gesamten Konzertes fast vollst\u00e4ndig pr\u00e4sentiert wurde.<\/p>\n<p>Insgesamt kam der bestens abgemischte Sound rauher und h\u00e4rter r\u00fcber, was mit Sicherheit auch daran lag, dass kein Keyboard dabei war. Ich will dabei gar nicht sagen, ob die Band als Trio oder Quartett besser ist, dass muss jeder f\u00fcr sich entscheiden.<\/p>\n<p>Was aber schon im ersten Set zu erkennen war, das Powertrio kam bei den Fans, auch durch die jederzeit erkennbare Spielfreude, bestens an. Julian, auch stimmlich bestens aufgelegt, begeisterte mit vielen furiosen Soli und konnte sich auf der Grundlage seiner Rhythmussektion um Drummer Lars Erik van Elzakker und Bassisten Edwin van Huik regelrecht austoben.<\/p>\n<p>Emotional wurde es mit der Ansage von \u201eFallin` From The Edge Of The World\u201c. Julian sprach \u00fcber die Entstehung des Songs und seinen br\u00fcderlichen Freund Fotis. Der balladeske Song, der fast schon eine Homage an Fortis war, war f\u00fcr mich eines der Highlights des ersten Sets. Melancholischer Gesang, weich eingesetztes Schlagzeug und Bass sorgten f\u00fcr eine ganz besondere Stimmung im Publikum.<\/p>\n<p>Zum Ende des Sets lie\u00df es die Band dann mit \u201eMercy\u201c und \u201eBlues For tThe Lost And Found\u201c noch einmal richtig krachen und die Besucher konnten sich in der etwa 30 min\u00fctigen Pause mit Erfrischungsgetr\u00e4nken wieder abk\u00fchlen.<br>Im zweiten Set stand dann Altbekanntes im Mittelpunkt, wo die Band sich zum Ende hin in einen regelrechten Rausch spielte. Nach einer wie gewohnt starken Version des Hendrix-Klassikers \u201eHey Joe\/Return\u201c brachte die Band mit dem harten \u201eDevil Got My Number\u201c, welches mich von der Songstruktur an <a href=\"http:\/\/www.sounds-of-south.de\/wordpress\/?s=AC\/DC\">AC\/DC<\/a> erinnert, den Saal noch einmal zum Kochen, um unter Zugabeforderungen die B\u00fchne zu verlassen.<\/p>\n<p>Die Drei lie\u00dfen sich nicht lange bitten und legten mit \u201eBullfrog Blues\u201c und \u201eBoogie All Around\u201c noch zwei starke Zugaben nach, um unter dem Applaus der Fans kurz nach Mitternacht den Gig zu beenden. Damit war die Arbeit der Band aber noch nicht getan. Julian Sas und Edwin van Huik begaben sich umgehend zum Merchendising-Stand zu Smalltalk und Signieren von Fanartikeln, w\u00e4hrend Lars Eric van Elsakker sein Drumset abbauen musste (am Folgetag ging es weiter nach Nijmwegen).<\/p>\n<p>So fand ein gelungener Konzertabend einen sch\u00f6nen Abschluss in dem Julian Sas bewies, dass die Band auch als Powertrio begeistern kann. Ein Dank geht auch an das De Bosuil, das als Location die entsprechenden Rahmenbedingungen gab. Die Mitarbeitern lie\u00dfen die Besucher jederzeit erkennen, dass sie sich dort als gern gesehene G\u00e4ste f\u00fchlen k\u00f6nnen. Auch Musikfans vom linken Niederrhein sollten sich mal das vielf\u00e4ltige Programm anschauen. Auch ein Sprung \u00fcber die Grenze zu unseren holl\u00e4ndischen Freunden lohnt sich Tot Ziens, bis zum n\u00e4chsten Mal.<\/p>\n<p>Line-up:<\/p>\n<p>Julian Sas \u2013 vocals, guitars<br>Eswin van Huik \u2013 bass<br>Lars Eric van Elsaker \u2013 drums<\/p>\n<p>Text und Bilder: Gernot Mangold<\/p>\n<p><a href=\"http:\/\/www.JulianSas.com\">Julian Sas<\/a><br><a href=\"http:\/\/www.facebook.com\/juliansasofficial\/\">Julian Sas bei Facebook<\/a><br><a href=\"https:\/\/www.debosuil.nl\">Musiekcentrum De Bosuil Weert<\/a><\/p>","protected":false},"excerpt":{"rendered":"<p>Die letzten 16 Monate waren f\u00fcr die Julian Sas Band mehr als turbulent. Nicht m\u00f6gliche Konzerte schon weiter im Vorfeld durch die Corona Pandemie, viel gravierender aber war der Tod des Bassisten Fotis und sehr guten Freundes aller Bandmitglieder. Trotz dieses Schicksalsschlags entschloss sich die Band mit \u201eElectracoustic\u201c ein Album einzuspielen, das erst vor wenigen &hellip; <a href=\"http:\/\/www.sounds-of-south.de\/wordpress\/2022\/04\/12\/julian-sas-band-10-04-2022-musiekcentrum-de-bosuil-weert-konzertbericht\/\" class=\"more-link\"><span class=\"screen-reader-text\">Julian Sas Band, 08.04.2022 &#8211; Musiekcentrum De Bosuil, Weert, Konzertbericht<\/span> weiterlesen<\/a><\/p>\n","protected":false},"author":1,"featured_media":0,"comment_status":"open","ping_status":"open","sticky":false,"template":"","format":"standard","meta":{"footnotes":""},"categories":[1],"tags":[122,2634,2480,2405],"class_list":["post-52880","post","type-post","status-publish","format-standard","hentry","category-allgemein","tag-blues-rock","tag-julian-sas-band","tag-musiekcentrum-de-bosuil","tag-weert"],"_links":{"self":[{"href":"http:\/\/www.sounds-of-south.de\/wordpress\/wp-json\/wp\/v2\/posts\/52880","targetHints":{"allow":["GET"]}}],"collection":[{"href":"http:\/\/www.sounds-of-south.de\/wordpress\/wp-json\/wp\/v2\/posts"}],"about":[{"href":"http:\/\/www.sounds-of-south.de\/wordpress\/wp-json\/wp\/v2\/types\/post"}],"author":[{"embeddable":true,"href":"http:\/\/www.sounds-of-south.de\/wordpress\/wp-json\/wp\/v2\/users\/1"}],"replies":[{"embeddable":true,"href":"http:\/\/www.sounds-of-south.de\/wordpress\/wp-json\/wp\/v2\/comments?post=52880"}],"version-history":[{"count":5,"href":"http:\/\/www.sounds-of-south.de\/wordpress\/wp-json\/wp\/v2\/posts\/52880\/revisions"}],"predecessor-version":[{"id":53017,"href":"http:\/\/www.sounds-of-south.de\/wordpress\/wp-json\/wp\/v2\/posts\/52880\/revisions\/53017"}],"wp:attachment":[{"href":"http:\/\/www.sounds-of-south.de\/wordpress\/wp-json\/wp\/v2\/media?parent=52880"}],"wp:term":[{"taxonomy":"category","embeddable":true,"href":"http:\/\/www.sounds-of-south.de\/wordpress\/wp-json\/wp\/v2\/categories?post=52880"},{"taxonomy":"post_tag","embeddable":true,"href":"http:\/\/www.sounds-of-south.de\/wordpress\/wp-json\/wp\/v2\/tags?post=52880"}],"curies":[{"name":"wp","href":"https:\/\/api.w.org\/{rel}","templated":true}]}}