{"id":48758,"date":"2021-07-27T13:59:18","date_gmt":"2021-07-27T11:59:18","guid":{"rendered":"http:\/\/www.sounds-of-south.de\/wordpress\/?p=48758"},"modified":"2021-08-27T12:10:31","modified_gmt":"2021-08-27T10:10:31","slug":"ralph-de-jongh-band-25-07-2021-kantine-open-air-buehne-freideck-koeln-konzertbericht","status":"publish","type":"post","link":"http:\/\/www.sounds-of-south.de\/wordpress\/2021\/07\/27\/ralph-de-jongh-band-25-07-2021-kantine-open-air-buehne-freideck-koeln-konzertbericht\/","title":{"rendered":"Ralph de Jongh Band &#8211; 25.07.2021, Kantine Open Air B\u00fchne (Freideck), K\u00f6ln \u2013 Konzertbericht"},"content":{"rendered":"<p><img loading=\"lazy\" decoding=\"async\" class=\"alignnone wp-image-48767 size-full\" src=\"http:\/\/www.sounds-of-south.de\/wordpress\/wp-content\/uploads\/2021\/07\/Jongh_haupt.jpg\" alt=\"Jongh_haupt\" width=\"800\" height=\"533\" srcset=\"http:\/\/www.sounds-of-south.de\/wordpress\/wp-content\/uploads\/2021\/07\/Jongh_haupt.jpg 800w, http:\/\/www.sounds-of-south.de\/wordpress\/wp-content\/uploads\/2021\/07\/Jongh_haupt-300x200.jpg 300w, http:\/\/www.sounds-of-south.de\/wordpress\/wp-content\/uploads\/2021\/07\/Jongh_haupt-768x512.jpg 768w\" sizes=\"auto, (max-width: 800px) 100vw, 800px\" \/><\/p>\n<p>Mit Ralph de Jongh, meinem erst zweiten&nbsp;Live-Gig in diesem Jahr &#8211; gut, so viele M\u00f6glichkeiten gab es ja aus den bekannten Pandemie-Gr\u00fcnden auch noch nicht &#8211; war an diesem Sonntag Abend einer der pers\u00f6nlichen Lieblinge von &#8218;Kantinen-Macher&#8216; Marcus Neu auf der Open Air B\u00fchne, beziehungsweise dem sch\u00f6nen Freideck der K\u00f6lner Location, vorstellig.<\/p>\n<p>Marcus&nbsp;nutzte&nbsp;bei seiner Ansage&nbsp;auch noch mal die Gelegenheit, die Werbetrommel f\u00fcr die n\u00e4chsten anstehenden Gigs zu r\u00fchren und erhielt dabei sprechkr\u00e4ftige&nbsp; Unterst\u00fctzung von unserem Fotografen Gernot, der den gut 90 anwesenden Leuten, den&nbsp;Dienstag stattfindenden <a href=\"http:\/\/www.sounds-of-south.de\/wordpress\/2021\/07\/26\/paulie-cerra-band-23-07-2021-schlachtgarten-krefeld-konzertbericht\/\">Paulie Cerra Band-Auftritt<\/a>, aufgrund seiner begeisterten Erfahrung im Krefelder Schlachtgarten einige Tage zuvor, w\u00e4rmstens ans Herz legte.<\/p>\n<p>Kaum hatte der&nbsp;niederl\u00e4ndische Protagonist (in schrillem 70er-typischen Outfit) seine Lieblingsposition auf dem bereitgestellten Stuhl mit einer Resonator-Gitarre eigenommen, ging es um 19:40 Uhr los mit einem unterhaltsamen Reigen durch&nbsp;seinen schier unendlich erscheinenden Song-Fundus. Ralph spr\u00fchte selbst sitzend f\u00f6rmlich vor Tatendrang. Zwischenzeitlich performte er auch im Liegen und im Knien.<\/p>\n<p>Aufgrund&nbsp;seiner frappierenden stimmlichen \u00c4hnlichkeit zu Mick Jagger durchzog den Verlauf nat\u00fcrlich immer ein unterschwelliges Stones-Retro-Flair, wobei von (Delta) Blues bis Rock (dezent auch Southern) und Rock&#8217;n&#8217;Roll durchaus viele Facetten gestreift wurden.<\/p>\n<p>Dabei hatten sowohl die&nbsp;beiden Background-S\u00e4ngerinnen&nbsp;Moon Anderson und&nbsp;Ylvalie Dik, viele Gelegenheiten, sich vokal einzubringen, als auch der gute Leadgitarrist&nbsp;Chiron Schut (erinnerte rein \u00e4u\u00dferlich ein wenig an Dickey Betts in jungen Jahren) mit diversen sch\u00f6nen Soli (z. T. Marke <a href=\"http:\/\/www.sounds-of-south.de\/wordpress\/?s=Eric+Clapton\">Clapton<\/a>, auch southern-geslidet) und Bassist&nbsp;Nico Heilijgers, der bei &#8222;Dirty Rock And Roll&#8220;&nbsp;seinen gro\u00dfen Auftritt hatte. Ja, schon fast in Ted Nugent-Manier wurde das erste sehr starke Set um 20:45 Uhr beendet.<\/p>\n<p>Nach einer viertelst\u00fcndigen Pause, in der&nbsp;Marcus den Hut zwecks Gagen-Einsammlung rum gehen lie\u00df (diesmal mit befriedigendem Ergebnis),&nbsp;und&nbsp;bei Teilen des Publikums die Frage auftauchte, ob Ralph denn auch im Stehen spielen k\u00f6nne (was in der Endphase dann von ihm bewiesen wurde), konnte das hohe Niveau der ersten Stunde leider nicht mehr gehalten werden und es zogen sich L\u00e4ngen ein. Ein Problem war dabei der schwierige Wiedererkennungswert&nbsp;als auch der mangelnde Bekanntheitsgrad der Tracks. Hier muss de Jongh in Zukunft bei uns vielleicht in Sachen Setlist noch etwas nachjustieren.<\/p>\n<p>So machten sich in der zweiten H\u00e4lfte beim Publikum auch deutliche Erm\u00fcdungserscheinungen bemerkbar. Ralph verfing sich&nbsp;etwas in seinem eigenen Enthusiasmus und lie\u00df quasi au\u00dfer Acht, dass um 22:00 Uhr aus Gr\u00fcnden Nachtruhe-Einhaltung, der Gig beendet werden musste. So gab es keinen Zugabenteil und ein recht abruptes Ende.<\/p>\n<p>Insgesamt war es aber ein Auftritt der Ralph de Jongh Band mit viel Herzblut und positiver Ausstrahlung, der am Ende von den Anwesenden mit einigem Applaus und so manchem Kauf der Merchandise-Artikel honoriert wurde. Ganz zum Schluss gab es dann auch noch das obligatorische Band-Foto f\u00fcr unsere VIP-Galerie.<\/p>\n<p><strong>Line-up:<\/strong><br \/>\nRalph de Jongh &#8211; lead vocals, guitars<br \/>\nArie Verhaar -drums<br \/>\nChiron Schut &#8211; guitars<br \/>\nNico Heilijgers \u2013 bass, vocals<br \/>\nMoon Anderson -backing vocals, percussion<br \/>\nYlvalie Dik &#8211; backing vocals<\/p>\n<p>Bilder: Gernot Mangold<br \/>\nText: Daniel Daus<\/p>\n<p><a href=\"https:\/\/www.RalphdeJongh.com\/\">Ralph de Jongh<\/a><br \/>\n<a href=\"https:\/\/www.facebook.com\/ralph.music.dejongh\/\">Ralph de Jongh bei Facebook<\/a><br \/>\n<a href=\"http:\/\/www.kantine.com\">Kantine, K\u00f6ln<\/a><\/p>\n","protected":false},"excerpt":{"rendered":"<p>Mit Ralph de Jongh, meinem erst zweiten&nbsp;Live-Gig in diesem Jahr &#8211; gut, so viele M\u00f6glichkeiten gab es ja aus den bekannten Pandemie-Gr\u00fcnden auch noch nicht &#8211; war an diesem Sonntag Abend einer der pers\u00f6nlichen Lieblinge von &#8218;Kantinen-Macher&#8216; Marcus Neu auf der Open Air B\u00fchne, beziehungsweise dem sch\u00f6nen Freideck der K\u00f6lner Location, vorstellig. Marcus&nbsp;nutzte&nbsp;bei seiner Ansage&nbsp;auch &hellip; <a href=\"http:\/\/www.sounds-of-south.de\/wordpress\/2021\/07\/27\/ralph-de-jongh-band-25-07-2021-kantine-open-air-buehne-freideck-koeln-konzertbericht\/\" class=\"more-link\"><span class=\"screen-reader-text\">Ralph de Jongh Band &#8211; 25.07.2021, Kantine Open Air B\u00fchne (Freideck), K\u00f6ln \u2013 Konzertbericht<\/span> weiterlesen<\/a><\/p>\n","protected":false},"author":1,"featured_media":0,"comment_status":"open","ping_status":"open","sticky":false,"template":"","format":"standard","meta":{"footnotes":""},"categories":[1],"tags":[122,4291,1498,610,2331,4292,4290],"class_list":["post-48758","post","type-post","status-publish","format-standard","hentry","category-allgemein","tag-blues-rock","tag-freideck","tag-kantine","tag-koeln","tag-marcus-neu","tag-open-air-buehne","tag-ralph-de-jongh-band"],"_links":{"self":[{"href":"http:\/\/www.sounds-of-south.de\/wordpress\/wp-json\/wp\/v2\/posts\/48758","targetHints":{"allow":["GET"]}}],"collection":[{"href":"http:\/\/www.sounds-of-south.de\/wordpress\/wp-json\/wp\/v2\/posts"}],"about":[{"href":"http:\/\/www.sounds-of-south.de\/wordpress\/wp-json\/wp\/v2\/types\/post"}],"author":[{"embeddable":true,"href":"http:\/\/www.sounds-of-south.de\/wordpress\/wp-json\/wp\/v2\/users\/1"}],"replies":[{"embeddable":true,"href":"http:\/\/www.sounds-of-south.de\/wordpress\/wp-json\/wp\/v2\/comments?post=48758"}],"version-history":[{"count":17,"href":"http:\/\/www.sounds-of-south.de\/wordpress\/wp-json\/wp\/v2\/posts\/48758\/revisions"}],"predecessor-version":[{"id":49329,"href":"http:\/\/www.sounds-of-south.de\/wordpress\/wp-json\/wp\/v2\/posts\/48758\/revisions\/49329"}],"wp:attachment":[{"href":"http:\/\/www.sounds-of-south.de\/wordpress\/wp-json\/wp\/v2\/media?parent=48758"}],"wp:term":[{"taxonomy":"category","embeddable":true,"href":"http:\/\/www.sounds-of-south.de\/wordpress\/wp-json\/wp\/v2\/categories?post=48758"},{"taxonomy":"post_tag","embeddable":true,"href":"http:\/\/www.sounds-of-south.de\/wordpress\/wp-json\/wp\/v2\/tags?post=48758"}],"curies":[{"name":"wp","href":"https:\/\/api.w.org\/{rel}","templated":true}]}}