{"id":47218,"date":"2021-03-22T12:50:02","date_gmt":"2021-03-22T11:50:02","guid":{"rendered":"http:\/\/www.sounds-of-south.de\/wordpress\/?p=47218"},"modified":"2021-03-22T12:51:19","modified_gmt":"2021-03-22T11:51:19","slug":"kulturrampenchef-markus-pille-peerlings-interview","status":"publish","type":"post","link":"http:\/\/www.sounds-of-south.de\/wordpress\/2021\/03\/22\/kulturrampenchef-markus-pille-peerlings-interview\/","title":{"rendered":"Kulturrampenchef Markus &#8218;Pille&#8216; Peerlings &#8211; Interview"},"content":{"rendered":"<p><img loading=\"lazy\" decoding=\"async\" class=\"alignnone wp-image-47228 size-full\" src=\"http:\/\/www.sounds-of-south.de\/wordpress\/wp-content\/uploads\/2021\/03\/Pill-haupt.jpg\" alt=\"Pill-haupt\" width=\"800\" height=\"533\" srcset=\"http:\/\/www.sounds-of-south.de\/wordpress\/wp-content\/uploads\/2021\/03\/Pill-haupt.jpg 800w, http:\/\/www.sounds-of-south.de\/wordpress\/wp-content\/uploads\/2021\/03\/Pill-haupt-300x200.jpg 300w, http:\/\/www.sounds-of-south.de\/wordpress\/wp-content\/uploads\/2021\/03\/Pill-haupt-768x512.jpg 768w\" sizes=\"auto, (max-width: 800px) 100vw, 800px\" \/><\/p>\n<p>Eigentlich h\u00e4tte ich gerne zum 15-j\u00e4hrigen Bestehen der Kulturrampe in Krefeld was zu\u00a0einem Konzert\u00a0geschrieben. Corona hat allerdings daf\u00fcr gesorgt, dass dies nicht m\u00f6glich ist.\u00a0Um den Moment wenigstens ein klein wenig zu w\u00fcrdigen,\u00a0verabredete ich mit Pille einen Termin, um wenigstens \u00fcber 15 Jahre Kulturrampe reden zu k\u00f6nnen. Das sch\u00f6ne Wetter sorgte daf\u00fcr, dass wir im &#8218;Biergarten&#8216; der Rampe zun\u00e4chst eine Gourmetcurrywurst mit Pommes mit dem dazugeh\u00f6renden Hygieneabstand zu uns nahmen, um dann gest\u00e4rkt, 15 Jahre Krefelder Kulturgeschichte, Revue zu passieren zu lassen.<\/p>\n<p><span style=\"color: #000042;\"><img loading=\"lazy\" decoding=\"async\" class=\"size-medium wp-image-47247 alignright\" src=\"http:\/\/www.sounds-of-south.de\/wordpress\/wp-content\/uploads\/2021\/03\/15875589_1270323359681975_3936416758692995256_o-300x200.jpg\" alt=\"15875589_1270323359681975_3936416758692995256_o\" width=\"300\" height=\"200\" srcset=\"http:\/\/www.sounds-of-south.de\/wordpress\/wp-content\/uploads\/2021\/03\/15875589_1270323359681975_3936416758692995256_o-300x200.jpg 300w, http:\/\/www.sounds-of-south.de\/wordpress\/wp-content\/uploads\/2021\/03\/15875589_1270323359681975_3936416758692995256_o.jpg 375w\" sizes=\"auto, (max-width: 300px) 100vw, 300px\" \/>Sounds Of South:<\/span> Pille, 15 Jahre Kulturrampe sind schon ein beachtlicher Zeitraum. Wie kamst du damals auf die Idee, die Kulturrampe zu er\u00f6ffnen?<br \/>\n<span style=\"color: #000042;\">Pille:<span style=\"color: #333333;\"> Das ist eigentlich eine ganz simple Geschichte. Das waren hier fr\u00fcher Prober\u00e4ume und ich war von der Krefelder Musikerinitiative f\u00fcr die Vermietung zust\u00e4ndig. Irgendwann lief das nicht mehr so gut und wir \u00fcberlegten, was man mit den R\u00e4umen machen kann. Da kam dann ein Abend mit mehrere Leuten und einigem Bier, wo wir uns Gedanken machten und irgendeiner sagte &#8222;Konzerte&#8220;. Daran konnten wir uns am n\u00e4chsten Morgen noch erinnern und wir haben es einfach so gemacht.<\/span><\/span><\/p>\n<p><span style=\"color: #000042;\">Sounds Of South:<\/span> Einfach so gemacht? Die R\u00e4ume waren ja angemietet, aber f\u00fcr eine andere Nutzung?<br \/>\n<span style=\"color: #000042;\">Pille:<span style=\"color: #333333;\">\u00a0&#8218;Einfach so gemacht&#8216; ist nat\u00fcrlich nur grob umschrieben. Es mussten schon einige Formalit\u00e4ten erledigt werden, bis es letztendlich umgesetzt werden konnte.<\/span><\/span><\/p>\n<p><span style=\"color: #000042;\">Sounds Of South:<\/span> Gab es damals in irgendeiner Form eine Unterst\u00fctzung der Stadt? Ich denke da zum Beispiel an besonders g\u00fcnstige Pachtbedingungen oder bist du da allein ins Risiko gegangen?<br \/>\n<span style=\"color: #000042;\">Pille:<span style=\"color: #333333;\"> Nein, wir waren mit ein paar Leuten und die Sache wurde aus der Idee geboren und wir haben es dann umgesetzt.<\/span><\/span><\/p>\n<p><span style=\"color: #000042;\"><img loading=\"lazy\" decoding=\"async\" class=\"size-medium wp-image-47253 alignleft\" src=\"http:\/\/www.sounds-of-south.de\/wordpress\/wp-content\/uploads\/2021\/03\/100A5403-Bearbeitet-1024x683-300x200.jpg\" alt=\"100A5403-Bearbeitet-1024x683\" width=\"300\" height=\"200\" srcset=\"http:\/\/www.sounds-of-south.de\/wordpress\/wp-content\/uploads\/2021\/03\/100A5403-Bearbeitet-1024x683-300x200.jpg 300w, http:\/\/www.sounds-of-south.de\/wordpress\/wp-content\/uploads\/2021\/03\/100A5403-Bearbeitet-1024x683.jpg 375w\" sizes=\"auto, (max-width: 300px) 100vw, 300px\" \/>Sounds Of South:<\/span> Wurde denn in einer Form eine F\u00f6rderung z. B. durch das Kulturb\u00fcro der Stadt angeboten oder beantragt?<br \/>\n<span style=\"color: #000042;\">Pille:<span style=\"color: #333333;\"> Nein, das haben wir ganz bewusst nicht gemacht, um uns in keine Abh\u00e4ngigkeit zu bringen. Es gab allerdings auch eine Zeit,\u00a0als es finanziell sehr knapp war, wo die Stadt uns geholfen hat. Was auf jedem Fall gesagt werden muss, dass die Stadt uns sehr wohlgesonnen war, was oft schon viel wert ist. Aber Sachen wie z. B. einen Erlass der Miete oder \u00c4hnliches gab es nicht, war von uns aber auch gar nicht gewollt.<\/span><\/span><\/p>\n<p><span style=\"color: #000042;\">Sounds Of South:<\/span> Seit unserem Bestehen als Online-Magazin vor f\u00fcnf Jahren berichten wir regelm\u00e4\u00dfig von Konzerten, die in der Rampe stattfanden. Ich m\u00f6chte sogar so weit gehen, dass mir der Laden ans Herz gewachsen ist. In diesen Jahren habe ich eine unglaubliche Dynamik erlebt, auch was die Anzahl von Konzerten angeht, welche wohl 2018 von der\u00a0Frequenz her,\u00a0mit zum Teil zwei bis drei Veranstaltungen pro Woche, ihren\u00a0H\u00f6hepunkt,\u00a0hatte.<br \/>\n<span style=\"color: #000042;\">Pille:<span style=\"color: #333333;\"> Ja das stimmt. Das war vor allem eine logistische Herausforderung. 2019 w\u00e4re es vermutlich auch in der Form weitergegangen, aber in dem Jahr entschlossen wir uns, die Rampe zu renovieren und hatten deshalb nat\u00fcrlich ein etwas schmaleres Programm.<\/span><\/span><\/p>\n<p><span style=\"color: #000042;\"><img loading=\"lazy\" decoding=\"async\" class=\"size-medium wp-image-47255 alignright\" src=\"http:\/\/www.sounds-of-south.de\/wordpress\/wp-content\/uploads\/2021\/03\/14524516_1175728582474787_6604584540681543219_o-300x200.jpg\" alt=\"14524516_1175728582474787_6604584540681543219_o\" width=\"300\" height=\"200\" srcset=\"http:\/\/www.sounds-of-south.de\/wordpress\/wp-content\/uploads\/2021\/03\/14524516_1175728582474787_6604584540681543219_o-300x200.jpg 300w, http:\/\/www.sounds-of-south.de\/wordpress\/wp-content\/uploads\/2021\/03\/14524516_1175728582474787_6604584540681543219_o.jpg 375w\" sizes=\"auto, (max-width: 300px) 100vw, 300px\" \/>Sounds Of South:<\/span> In der Umbauphase wurde von Freunden der Kulturrampe ein F\u00f6rderverein gegr\u00fcndet, um finanziell, aber auch mit Arbeitskraft zu unterst\u00fctzen. Das war dann das erste Mal, dass es so zu einer Unterst\u00fctzung von au\u00dfen kam. Entstand die Gr\u00fcndung vielleicht auch aus der Angst, dass es sonst finanziell nicht reichen k\u00f6nnte?<br \/>\n<span style=\"color: #000042;\">Pille:<span style=\"color: #333333;\"> Jein, das ist eigentlich eine eher gewachsene Sache. Es gab schon immer Leute, die mir Hilfe angeboten und mich auch unterst\u00fctzt haben, ohne die wir es gar nicht die ganzen Jahre geschafft h\u00e4tten. Das lief schon seit langer Zeit, bis einige Leute sich entschlossen haben, den Verein zu gr\u00fcnden. So haben wir eine gute Unterst\u00fctzung f\u00fcr Kosten, die wir zu tragen haben. Und ehrlich gesagt w\u00fcrde es ohne diese Unterst\u00fctzung den Laden zumindest in der Form nicht mehr geben.<\/span><\/span><\/p>\n<p><span style=\"color: #000042;\"><img loading=\"lazy\" decoding=\"async\" class=\"size-medium wp-image-47256 alignleft\" src=\"http:\/\/www.sounds-of-south.de\/wordpress\/wp-content\/uploads\/2021\/03\/PD_12_File_017-1-300x200.jpg\" alt=\"PD_12_File_017-1\" width=\"300\" height=\"200\" srcset=\"http:\/\/www.sounds-of-south.de\/wordpress\/wp-content\/uploads\/2021\/03\/PD_12_File_017-1-300x200.jpg 300w, http:\/\/www.sounds-of-south.de\/wordpress\/wp-content\/uploads\/2021\/03\/PD_12_File_017-1.jpg 375w\" sizes=\"auto, (max-width: 300px) 100vw, 300px\" \/>Sounds Of South:<\/span> Ich habe hier eine interessante Liste liegen, was du in der Zukunft an Konzerten in der Planung hast. Auf Namen und Daten will ich gar nicht eingehen, da zurzeit keine verl\u00e4ssliche bindende Planung m\u00f6glich ist. Wenn man sich Bands anschaut, die hier gespielt haben, stellt sich die Frage, wie du das schaffst, solche Acts wie z.B. <a href=\"http:\/\/www.sounds-of-south.de\/wordpress\/?s=Little+Caesar\">Little Caesar<\/a> oder <a href=\"http:\/\/www.sounds-of-south.de\/wordpress\/?s=Robert+Jon+%26+The+Wreck\">Robert Jon &amp; The Wreck<\/a> auf die B\u00fchne zu holen, da die Einnahmen durch den Ticketverkauf bei maximal 120 G\u00e4sten und sehr humanen Preisen begrenzt sind.<br \/>\n<span style=\"color: #000042;\">Pille:<span style=\"color: #333333;\"> Die Frage ist aus mehreren Sichtweisen zu beantworten. Zun\u00e4chst einmal glaube ich, dass wir mit dem F\u00fchren des Ladens und dem Umgang mit den K\u00fcnstlern vieles richtig gemacht haben. Wir haben immer einen gro\u00dfen Wert auf die Technik gelegt, dass ein guter Sound\u00a0besteht und haben immer\u00a0versierte Techniker gehabt, was f\u00fcr so kleine L\u00e4den auch nicht unbedingt selbstverst\u00e4ndlich ist. Ich glaube, das ist ein Faktor, der f\u00fcr Musiker immer sehr wichtig ist. Von den Gagen halten wir diese immer so hoch wie m\u00f6glich, wobei diese nat\u00fcrlich durch die Gr\u00f6\u00dfe des Ladens begrenzt sind. Das stellt f\u00fcr uns dann nat\u00fcrlich ein Problem dar, wenn eine bestimmte Summe vereinbart ist, und dann der Laden nur halb voll ist.<\/span><\/span><\/p>\n<p><span style=\"color: #000042;\">Sounds Of South:<\/span> Kannst du dir vorstellen, dass manche K\u00fcnstler auch bewusst auf Gage verzichten, da in der Rampe ein Wohlf\u00fchlfaktor herrscht und Konzerte oft eine regelrechte Party sind,\u00a0die manchmal zu Beginn oder Ende einer Tour gefeiert wird?<br \/>\n<span style=\"color: #000042;\">Pille:<span style=\"color: #333333;\"> Ich kann mir gut vorstellen, dass wir mit unserem Umgang und unserer Philosophie dazu beitragen, dass viele K\u00fcnstler einen gro\u00dfen Spa\u00df haben, hier aufzutreten. Nichtsdestotrotz sind die Gagen auf einem verdient hohen Niveau. Ein weiterer Faktor ist nat\u00fcrlich, dass wir ein schon etwas \u00e4lteres begeisterungsf\u00e4higes Publikum haben, welches nach dem Konzert gerne am Merchstand verweilt und sich mit verschiedensten Produkten eindeckt, deren Erl\u00f6s direkt den K\u00fcnstlern zu Gute kommt. Ich glaube, das hat sich auch bei den K\u00fcnstlern und Tourmanagern rumgesprochen und erleichtert manchmal die Verhandlungen.<\/span><\/span><\/p>\n<p><span style=\"color: #000042;\"><img loading=\"lazy\" decoding=\"async\" class=\"size-medium wp-image-47257 alignright\" src=\"http:\/\/www.sounds-of-south.de\/wordpress\/wp-content\/uploads\/2021\/03\/100A5485-Bearbeitet-1024x683-300x200.jpg\" alt=\"100A5485-Bearbeitet-1024x683\" width=\"300\" height=\"200\" srcset=\"http:\/\/www.sounds-of-south.de\/wordpress\/wp-content\/uploads\/2021\/03\/100A5485-Bearbeitet-1024x683-300x200.jpg 300w, http:\/\/www.sounds-of-south.de\/wordpress\/wp-content\/uploads\/2021\/03\/100A5485-Bearbeitet-1024x683.jpg 375w\" sizes=\"auto, (max-width: 300px) 100vw, 300px\" \/>Sounds Of South:<\/span> Wo gerade das Tourmanagement angesprochen wurde. Du arbeitest auch viel mit Teenage Head Music zusammen und ich habe den Eindruck, dass du zu deren Chief Manny Montana mit der Zeit ein freundschaftliches Verh\u00e4ltnis aufgebaut hast. Erleichtert dies manchmal die Realisierung von Acts?<br \/>\n<span style=\"color: #000042;\">Pille:<span style=\"color: #333333;\"> Ja, das stimmt. Es hat sich wirklich etwas, wie auch zu anderen Agenturen, entwickelt. Es besteht fast schon ein blindes Verst\u00e4ndnis. Er wei\u00df ziemlich genau, was hier gerne geh\u00f6rt wird und er hat dann immer die passenden Bands f\u00fcr unseren Laden bei sich in der Agentur. Wichtig ist f\u00fcr uns allerdings nicht nur die spielerische Qualit\u00e4t der Bands, sondern auch, wie sie menschlich zu uns passen. Wenn wir da schlechte Erfahrungen machen w\u00fcrden, w\u00e4re es ein einmaliger Auftritt gewesen. Man kann fast sagen, dass, wenn z. B. von Teenage Head jemand\u00a0bei uns auftritt,\u00a0man das Gef\u00fchl hat, gute Freunde oder Familie kommen zu Besuch.<\/span><\/span><\/p>\n<p><span style=\"color: #000042;\">Sounds Of South:<\/span> Genau das Gef\u00fchl haben wir auch. Einmal f\u00fchlen wir uns bei dir immer wie G\u00e4ste, aber auch zu Manny und einigen K\u00fcnstlern hat sich etwas wie eine Freundschaft entwickelt, was f\u00fcr uns pers\u00f6nlich nat\u00fcrlich auch wie eine Wohlf\u00fchloase ist.<br \/>\n<span style=\"color: #000042;\">Pille:<span style=\"color: #333333;\"> Genau das meine ich. Die Musikszene, gerade in unserer Musikrichtung, ist eher klein, dass man fast zwangsl\u00e4ufig zusammenw\u00e4chst. Man sch\u00e4tzt sich untereinander, was f\u00fcr mich pers\u00f6nlich sehr wichtig ist.<\/span><\/span><\/p>\n<p><span style=\"color: #000042;\">Sounds Of South:<\/span> Jetzt gehen wir mal aus der Wohlf\u00fchlecke in die aktuell eher bedr\u00fcckende, durch Corona bedingte Situation. Vor ziemlich genau einem Jahr war <a href=\"http:\/\/www.sounds-of-south.de\/wordpress\/?s=Thorbjorn+Risager+%26+The+Black+Tornado\">Thorbj\u00f6rn Risager<\/a> das letzte Konzert, von dem ich vor dem ersten Lockdown berichtete. Wie ging es danach weiter, da Konzerte in der Rampe erst einmal nicht mehr realisierbar waren?<br \/>\n<span style=\"color: #000042;\">Pille:<span style=\"color: #333333;\"> Nach Risager waren noch\u00a0zwei Konzerte und am 13. M\u00e4rz mussten wir ein Konzert absagen, nachdem der Soundscheck schon gelaufen war. Ein trauriger Abend, Hotelzimmer waren gebucht und und und. Als es im sp\u00e4ten Fr\u00fchjahr wieder m\u00f6glich war, hatte wir das Gl\u00fcck mit dem Schlachtgarten einen Partner zu haben,\u00a0mit dem wir im Vorjahr schon ein Openair Konzert veranstaltet hatten. So konnten wir einige Konzerte, welche wir im Sommer geplant hatten, in den Schlachtgarten umlegen.\u00a0Damit war\u00a0den K\u00fcnstlern die M\u00f6glichkeit gegeben aufzutreten und da das Gel\u00e4nde recht weitl\u00e4ufig ist, konnten wir einiges auch im Rahmen der damals bestehenden Hygienebedingungen durchf\u00fchren.<\/span><\/span><\/p>\n<p><span style=\"color: #000042;\"><img loading=\"lazy\" decoding=\"async\" class=\"size-medium wp-image-47254 alignleft\" src=\"http:\/\/www.sounds-of-south.de\/wordpress\/wp-content\/uploads\/2021\/03\/AQ2A2401-300x200.jpg\" alt=\"AQ2A2401\" width=\"300\" height=\"200\" srcset=\"http:\/\/www.sounds-of-south.de\/wordpress\/wp-content\/uploads\/2021\/03\/AQ2A2401-300x200.jpg 300w, http:\/\/www.sounds-of-south.de\/wordpress\/wp-content\/uploads\/2021\/03\/AQ2A2401.jpg 375w\" sizes=\"auto, (max-width: 300px) 100vw, 300px\" \/>Sounds Of South:<\/span> Corona wird irgendwann aufh\u00f6ren oder sagen wir besser, wir werden M\u00f6glichkeiten haben, Corona in den Griff zu bekommen. Wie geht es dann weiter? Habt ihr schon ein Konzept f\u00fcr einen Wiedereinstieg? Gibt es Gedanken \u00fcber eine sp\u00e4tere Zusammenarbeit mit dem Schlachtgarten f\u00fcr Konzerte im Sommer, wo eventuell mehr als 120 Zuschauer zu erwarten sind?<br \/>\n<span style=\"color: #000042;\">Pille:<span style=\"color: #333333;\"> Gedanken \u00fcber Kooperationen habe ich mir schon gemacht. Jetzt geht es aber erst einmal um die Planung f\u00fcr den Sommer, wo hoffentlich wieder die M\u00f6glichkeit gegeben ist, mit geeigneten Konzepten, Veranstaltungen durchzuf\u00fchren. Dar\u00fcber hinaus k\u00f6nnte eine Zusammenarbeit auch nach Corona im Sommer sinnvoll sein. In der Rampe ist es im Sommer manchmal doch sehr warm, sodass eine Openair-Location auch f\u00fcr die Zuschauer attraktiv sein kann. Ich kann auch nur sagen, dass es mit dem Schlachtgarten in jeder Hinsicht eine gute Zusammenarbeit im letzten Jahr war. Dass Konzerte vor dem Herbst in der Rampe stattfinden werden, halte ich f\u00fcr eher unwahrscheinlich, es sei denn es sind kaum spezielle Hygieneregeln zu beachten, da vermutlich die Zuschauerzahl sonst so begrenzt sein wird, dass ein Konzert sich nicht tragen kann.<\/span><\/span><\/p>\n<p><span style=\"color: #000042;\"><img loading=\"lazy\" decoding=\"async\" class=\"size-medium wp-image-47258 alignright\" src=\"http:\/\/www.sounds-of-south.de\/wordpress\/wp-content\/uploads\/2021\/03\/AQ2A5701-300x200.jpg\" alt=\"AQ2A5701\" width=\"300\" height=\"200\" srcset=\"http:\/\/www.sounds-of-south.de\/wordpress\/wp-content\/uploads\/2021\/03\/AQ2A5701-300x200.jpg 300w, http:\/\/www.sounds-of-south.de\/wordpress\/wp-content\/uploads\/2021\/03\/AQ2A5701.jpg 375w\" sizes=\"auto, (max-width: 300px) 100vw, 300px\" \/>Sounds Of South:<\/span> Nun aber noch einmal ein kleiner R\u00fcckblick auf 15 Jahre Kulturrampe. Wie viele Konzerte haben auf der schr\u00e4gen B\u00fchne schon stattgefunden? Gab es f\u00fcr dich besondere Highlights oder Momente, wobei die Frage nat\u00fcrlich schwer zu beantworten ist, da jeder K\u00fcnstler und jedes Konzert f\u00fcr sich etwas Besonderes ist.<br \/>\n<span style=\"color: #000042;\">Pille:<span style=\"color: #333333;\"> Ich sch\u00e4tze, dass es um die 1500 Konzerte waren. Es gab nat\u00fcrlich einige besondere Momente, wo, wie du gesagt hast, nicht unbedingt die Qualit\u00e4t der Musik die entscheidende Rolle spielte. Ich erinnere mich an die Band Times Bold, die Indiepop macht. Das ist schon sehr lange her, war f\u00fcr mich aber ein Moment, der mir zeigte, dass es richtig ist, was wir hier machen. Die Band war fast fertig und spielte noch eine Zugabe. Daf\u00fcr setzten Sie sich auf die B\u00fchnenkante, holten eine singende S\u00e4ge raus, lie\u00dfen die erklingen und sangen dazu einen Song. Die vielleicht 45 Zuschauer gingen alle nach vorne zur Band und ich stand hinten hinter der Theke, es war mucksm\u00e4uschenstill, man h\u00f6rte nichts au\u00dfer der S\u00e4ge und dem Gesang der Band. Es war irgendwie ein magischer Moment, der mich in meinem Tun best\u00e4rkte.<\/span><\/span><\/p>\n<p><span style=\"color: #000042;\"><img loading=\"lazy\" decoding=\"async\" class=\"size-medium wp-image-47251 alignleft\" src=\"http:\/\/www.sounds-of-south.de\/wordpress\/wp-content\/uploads\/2021\/03\/DSC0012-1024x682-300x200.jpg\" alt=\"DSC0012-1024x682\" width=\"300\" height=\"200\" srcset=\"http:\/\/www.sounds-of-south.de\/wordpress\/wp-content\/uploads\/2021\/03\/DSC0012-1024x682-300x200.jpg 300w, http:\/\/www.sounds-of-south.de\/wordpress\/wp-content\/uploads\/2021\/03\/DSC0012-1024x682.jpg 375w\" sizes=\"auto, (max-width: 300px) 100vw, 300px\" \/>Sounds Of South:<\/span> Wo du gerade von der Ruhe redest. Ich erinnere mich an ein Konzert, wo du G\u00e4ste aufgefordert hattest, eine lautstarke Unterhaltung zu beenden, da alle anderen hier sind, um Musik zu h\u00f6ren.<br \/>\n<span style=\"color: #000042;\">Pille:<span style=\"color: #333333;\"> Ja, das kommt zum Gl\u00fcck sehr selten vor, da wir hier ein sehr musikbegeistertes und auch diszipliniertes Publikum haben, welches einen gro\u00dfen Respekt vor der Arbeit der Musiker hat.<\/span><\/span><\/p>\n<p><span style=\"color: #000042;\">Sounds Of South:<\/span> In einem \u00e4hnlichen Zusammenhang erinnere ich mich an eine Ansage von dir vor einem Konzert, wo du darum gebeten hast, dass nach dem zweiten St\u00fcck, keine Bilder mehr gemacht werden sollen. Dies hatte mich damals zun\u00e4chst irritiert, da ich f\u00fcr Berichte auch einiges an Bildern mache, aber versuche, mich so am B\u00fchnenrand, zuweilen sogar fast hinter den Boxen aufzuhalten, um nicht zu st\u00f6ren.<br \/>\n<span style=\"color: #000042;\">Pille:<span style=\"color: #333333;\"> Ja, da hast du Recht. Es gibt Fotografen, die sich respektvoll verhalten, aber es gibt auch Knipser, die regelrecht st\u00f6rend sein k\u00f6nnen, wenn die Kamera oder das Handy hochgehalten werden, dass die dahinter Stehenden nichts mehr sehen, wenn geblitzt wird, oder einfach nicht erkannt wird, wenn ein Moment der Ruhe ist und nicht, um vor der B\u00fchne rum zu h\u00fcpfen oder klickende Reihenaufnahmen zu machen.<\/span><\/span><\/p>\n<p><span style=\"color: #000042;\"><img loading=\"lazy\" decoding=\"async\" class=\"size-medium wp-image-47248 alignright\" src=\"http:\/\/www.sounds-of-south.de\/wordpress\/wp-content\/uploads\/2021\/03\/100A4576-Bearbeitet-300x200.jpg\" alt=\"100A4576-Bearbeitet\" width=\"300\" height=\"200\" srcset=\"http:\/\/www.sounds-of-south.de\/wordpress\/wp-content\/uploads\/2021\/03\/100A4576-Bearbeitet-300x200.jpg 300w, http:\/\/www.sounds-of-south.de\/wordpress\/wp-content\/uploads\/2021\/03\/100A4576-Bearbeitet.jpg 375w\" sizes=\"auto, (max-width: 300px) 100vw, 300px\" \/>Sounds Of South:<\/span> Da bin ich ja beruhigt, da ich mich da nicht angesprochen f\u00fchle. \ud83d\ude09 Nun aber wieder zur\u00fcck zu besonderen Momenten.<br \/>\n<span style=\"color: #000042;\">Pille:<span style=\"color: #333333;\"> Da f\u00e4llt mir sofort ein, wo Robert Jon &amp; The Wreck und <a href=\"http:\/\/www.sounds-of-south.de\/wordpress\/?s=Hogjaw\">Hogjaw<\/a>, zwei Bands, die ich besonders sch\u00e4tze, gemeinsam auf der B\u00fchne standen. Da hab ich gedacht \u2026 eigentlich hab ich gar nichts gedacht. Ich habe nur gesp\u00fcrt, dass dies etwas ganz Besonderes, auch f\u00fcr die Zuschauer war. Aber auch sonst gab es viele besondere K\u00fcnstler. Mit einem Blaze Bailey, einen ehemaligen S\u00e4nger von Iron Maiden hier zu haben, oder Little Caesar, das war schon stark. F\u00fcr mich waren aber auch alle anderen f\u00fcr sich etwas Besonderes. Der Vorteil ist nat\u00fcrlich, dass ich die Musik der K\u00fcnstler, die hier auftreten, gut finde.<\/span><\/span><\/p>\n<p><span style=\"color: #000042;\"><img loading=\"lazy\" decoding=\"async\" class=\"size-medium wp-image-47250 alignleft\" src=\"http:\/\/www.sounds-of-south.de\/wordpress\/wp-content\/uploads\/2021\/03\/100A0679-Bearbeitet_bearbeitet-1-1024x683-300x200.jpg\" alt=\"100A0679-Bearbeitet_bearbeitet-1-1024x683\" width=\"300\" height=\"200\" srcset=\"http:\/\/www.sounds-of-south.de\/wordpress\/wp-content\/uploads\/2021\/03\/100A0679-Bearbeitet_bearbeitet-1-1024x683-300x200.jpg 300w, http:\/\/www.sounds-of-south.de\/wordpress\/wp-content\/uploads\/2021\/03\/100A0679-Bearbeitet_bearbeitet-1-1024x683.jpg 375w\" sizes=\"auto, (max-width: 300px) 100vw, 300px\" \/>Sounds Of South:\u00a0<\/span> F\u00fcr uns gab es auch viele Momente, in denen wir Kontakte zu K\u00fcnstlern gewonnen haben und wir f\u00fchlen uns in der Rampe fast schon wie in einem zweiten Wohnzimmer. Was mich pers\u00f6nlich auch freute, war, dass mindestens ein Bild\u00a0im Absolva-Livealbum, von einem Konzert in der Rampe stammte.<br \/>\n<span style=\"color: #000042;\">Pille:<\/span> Ihr seid bei uns auch immer willkommen, da es f\u00fcr uns auch eine gute Sache ist, wenn \u00fcber Konzerte in der Rampe zeitnah und authentisch berichtet wird.<\/p>\n<p><span style=\"color: #000042;\">Sounds Of South:<\/span> Danke Pille, dass du dir die Zeit genommen hast. Ich w\u00fcnsche und hoffe, dass deine Pl\u00e4ne f\u00fcr 2021 sich erf\u00fcllen und wir dann, wenn es m\u00f6glich ist, unter dem Motto \u201eKein Rock`n`Roll ist auch keine L\u00f6sung\u201c, wieder von vielen Konzerten berichten k\u00f6nnen.<\/p>\n<p>Das Interview f\u00fchrte Gernot Mangold.<\/p>\n<p><a href=\"http:\/\/www.kulturrampe.de\">Kulturrampe Krefeld<\/a><br \/>\n<a href=\"https:\/\/www.facebook.com\/Kulturrampe.Krefeld\">Kulturrampe Krefeld bei Facebook<\/a><\/p>\n","protected":false},"excerpt":{"rendered":"<p>Eigentlich h\u00e4tte ich gerne zum 15-j\u00e4hrigen Bestehen der Kulturrampe in Krefeld was zu\u00a0einem Konzert\u00a0geschrieben. Corona hat allerdings daf\u00fcr gesorgt, dass dies nicht m\u00f6glich ist.\u00a0Um den Moment wenigstens ein klein wenig zu w\u00fcrdigen,\u00a0verabredete ich mit Pille einen Termin, um wenigstens \u00fcber 15 Jahre Kulturrampe reden zu k\u00f6nnen. Das sch\u00f6ne Wetter sorgte daf\u00fcr, dass wir im &#8218;Biergarten&#8216; &hellip; <a href=\"http:\/\/www.sounds-of-south.de\/wordpress\/2021\/03\/22\/kulturrampenchef-markus-pille-peerlings-interview\/\" class=\"more-link\"><span class=\"screen-reader-text\">Kulturrampenchef Markus &#8218;Pille&#8216; Peerlings &#8211; Interview<\/span> weiterlesen<\/a><\/p>\n","protected":false},"author":1,"featured_media":0,"comment_status":"open","ping_status":"open","sticky":false,"template":"","format":"standard","meta":{"footnotes":""},"categories":[1],"tags":[1461,612,621,2127],"class_list":["post-47218","post","type-post","status-publish","format-standard","hentry","category-allgemein","tag-interview","tag-krefeld","tag-kulturrampe","tag-markus-pille-peerlings"],"_links":{"self":[{"href":"http:\/\/www.sounds-of-south.de\/wordpress\/wp-json\/wp\/v2\/posts\/47218","targetHints":{"allow":["GET"]}}],"collection":[{"href":"http:\/\/www.sounds-of-south.de\/wordpress\/wp-json\/wp\/v2\/posts"}],"about":[{"href":"http:\/\/www.sounds-of-south.de\/wordpress\/wp-json\/wp\/v2\/types\/post"}],"author":[{"embeddable":true,"href":"http:\/\/www.sounds-of-south.de\/wordpress\/wp-json\/wp\/v2\/users\/1"}],"replies":[{"embeddable":true,"href":"http:\/\/www.sounds-of-south.de\/wordpress\/wp-json\/wp\/v2\/comments?post=47218"}],"version-history":[{"count":18,"href":"http:\/\/www.sounds-of-south.de\/wordpress\/wp-json\/wp\/v2\/posts\/47218\/revisions"}],"predecessor-version":[{"id":47287,"href":"http:\/\/www.sounds-of-south.de\/wordpress\/wp-json\/wp\/v2\/posts\/47218\/revisions\/47287"}],"wp:attachment":[{"href":"http:\/\/www.sounds-of-south.de\/wordpress\/wp-json\/wp\/v2\/media?parent=47218"}],"wp:term":[{"taxonomy":"category","embeddable":true,"href":"http:\/\/www.sounds-of-south.de\/wordpress\/wp-json\/wp\/v2\/categories?post=47218"},{"taxonomy":"post_tag","embeddable":true,"href":"http:\/\/www.sounds-of-south.de\/wordpress\/wp-json\/wp\/v2\/tags?post=47218"}],"curies":[{"name":"wp","href":"https:\/\/api.w.org\/{rel}","templated":true}]}}