{"id":42782,"date":"2020-03-08T15:54:45","date_gmt":"2020-03-08T14:54:45","guid":{"rendered":"http:\/\/www.sounds-of-south.de\/wordpress\/?p=42782"},"modified":"2020-03-08T15:54:45","modified_gmt":"2020-03-08T14:54:45","slug":"julian-sas-06-03-2020-schwarzer-adler-rheinberg-konzertbericht","status":"publish","type":"post","link":"http:\/\/www.sounds-of-south.de\/wordpress\/2020\/03\/08\/julian-sas-06-03-2020-schwarzer-adler-rheinberg-konzertbericht\/","title":{"rendered":"Julian Sas &#8211; 06.03.2020, Schwarzer Adler, Rheinberg &#8211; Konzertbericht"},"content":{"rendered":"<p><img loading=\"lazy\" decoding=\"async\" class=\"alignnone wp-image-42795 size-full\" src=\"http:\/\/www.sounds-of-south.de\/wordpress\/wp-content\/uploads\/2020\/03\/Sas-haupt.jpg\" alt=\"Sas-haupt\" width=\"800\" height=\"533\" srcset=\"http:\/\/www.sounds-of-south.de\/wordpress\/wp-content\/uploads\/2020\/03\/Sas-haupt.jpg 800w, http:\/\/www.sounds-of-south.de\/wordpress\/wp-content\/uploads\/2020\/03\/Sas-haupt-300x200.jpg 300w, http:\/\/www.sounds-of-south.de\/wordpress\/wp-content\/uploads\/2020\/03\/Sas-haupt-768x512.jpg 768w\" sizes=\"auto, (max-width: 800px) 100vw, 800px\" \/><\/p>\n<p>Ausverkauftes Haus im Schwarzen Adler, wobei das Konzert, was die meisten Besucher nicht wussten, auf der Kippe stand. Grund daf\u00fcr war nicht die Hysterie um den Corona-Virus, sondern dass Julian sich beim Beladen des Tourbusses verhoben hatte. Sp\u00e4testens als Ernst Barten, vor den Zugaben die B\u00fchne betrat und Julian noch einmal einen besonderen Dank aussprach, trotz des l\u00e4dierten R\u00fcckens aufzutreten, kam die Sache ans Abendlicht.<\/p>\n<p>Diese Energieleistung des Niederl\u00e4nders eine \u00fcber zweist\u00fcndige Show durchzustehen hatte mehrere Gr\u00fcnde: Gute Medizin, Meditation und ein begeistert mitgehendes Publikum vom ersten Song an, welches Sas sprichw\u00f6rtlich unter Strom setzte, sodass der Schmerz wohl \u00fcbert\u00fcncht wurde.<\/p>\n<p>P\u00fcnktlich um 8:00 Uhr begann Sas mit seiner Band gewohnt dynamisch, voller Power das Konzert und reihte einen Kracher an den anderen. Zwischen Songs aus allen Phasen seines Schaffens streute er auch einige Coversongs vom Feinsten, unter Anderem eine wie gewohnt starke Version von \u201eHey Joe\u201c mit kurzen Intro von \u201eAngel\u201c, sowie \u201eLittle Wing\u201c als letzte Zugabe und auch den guten alten \u201eBullfrog Blues\u201c.<\/p>\n<p>Beeindruckend aber auch die Energie der eigenen Lieder wie \u201eDriftin` Boogie\u201c, \u201eComin Home\u201c oder \u201eBoogie All Around\u201c bei denen er bewies, dass er ein Meister des Powerblues und Boogie ist. Wie er seine Gitarren auch slidend bearbeitete und Soli regelrecht in den Adler schoss, war schon klasse. Dabei wurde er nat\u00fcrlich von seiner Band unterst\u00fctzt, wo er in der Vorstellung deutlich machte, dass die drei Musiker f\u00fcr ihn mehr als nur Musiker sind, sondern auch Freunde.<\/p>\n<p>Diese Harmonie war auch jederzeit sp\u00fcrbar, wobei Sas und Keyboarder Roland Bakker sich zuweilen zu H\u00f6chstleistungen bei Soli anstachelten und Bakker den Songs zudem eine harmonische Untermalung gab. Fotis Anagnostou wirbelte zuweilen wild posend am Bass und legte mit Lars-Erik van Elzakker an den Drums die Grundlage f\u00fcr den Powersound. Bemerkenswert war dabei insbesondere der Part von van Elzakker, der erst vor ziemlich genau einem Jahr zur Band hinzustie\u00df und sp\u00e4testens jetzt auch musikalisch seinen Platz in der Band gefunden hat.<\/p>\n<p>Dass die Band aber auch ruhig kann, offerierte \u201eAnything\u201c, wo Sas die Unf\u00e4higkeit der heutigen Politik an den Pranger stellte. Seine eigene Einstellung untermauerte er ohne gro\u00dfe Worte mit Friedenstaubenaufklebern an zwei seiner Gitarren.<\/p>\n<p>Gegen 22:40 Uhr war der Zauber dann vorbei und die Besucher verlie\u00dfen, nach der Stimmung zu urteilen, hochzufrieden den Schwarzen Adler. Aber auch Julian und seine Band hatten den Abend sichtlich genossen, was sich zum Einen an mehreren Gesten des Dankes, aber auch an immerhin vier Zugaben (trotz des l\u00e4dierten R\u00fcckens) bemerkbar machte. Dieser Abend offenbarte einmal mehr, wie wichtig es war, den Schwarzen Adler zu erhalten.<\/p>\n<p>Ein Dank wieder einmal an Ernst Barten, der weiter das Booking unterst\u00fctzt, f\u00fcr die problemlose Akkreditierung, dem es immer wieder gelingt, tolle Acts nach Rheinberg-Vierbaum zu holen. Sch\u00f6n w\u00e4re es, wenn auch kommende Interprten, wie Dede Priest, Matt Schofield oder Josh Smith \u00e4hnlich stark besucht werden. Es wird sich auf jedem Fall lohnen, auch diese Konzerte zu besuchen.<\/p>\n<p><strong><span style=\"text-decoration: underline;\">Line-up:<\/span><\/strong><br \/>\nJulian Sas (lead vocals, electric &amp; slide guitar)<br \/>\nRoland Bakker (piano, organ)<br \/>\nFotis Anagnostou (bass)<br \/>\nLars-Erik van Elzakker (drums)<\/p>\n<p>Text und Bilder: Gernot Mangold<\/p>\n<p><a href=\"http:\/\/www.JulianSas.com\">Julian Sas<\/a><br \/>\n<a href=\"http:\/\/www.facebook.com\/juliansasofficial\/\">Julian Sas bei Facebook<\/a><br \/>\n<a href=\"http:\/\/www.schwarzer-adler.de\">Schwarzer Adler<\/a><\/p>\n","protected":false},"excerpt":{"rendered":"<p>Ausverkauftes Haus im Schwarzen Adler, wobei das Konzert, was die meisten Besucher nicht wussten, auf der Kippe stand. Grund daf\u00fcr war nicht die Hysterie um den Corona-Virus, sondern dass Julian sich beim Beladen des Tourbusses verhoben hatte. Sp\u00e4testens als Ernst Barten, vor den Zugaben die B\u00fchne betrat und Julian noch einmal einen besonderen Dank aussprach, &hellip; <a href=\"http:\/\/www.sounds-of-south.de\/wordpress\/2020\/03\/08\/julian-sas-06-03-2020-schwarzer-adler-rheinberg-konzertbericht\/\" class=\"more-link\"><span class=\"screen-reader-text\">Julian Sas &#8211; 06.03.2020, Schwarzer Adler, Rheinberg &#8211; Konzertbericht<\/span> weiterlesen<\/a><\/p>\n","protected":false},"author":1,"featured_media":0,"comment_status":"open","ping_status":"open","sticky":false,"template":"","format":"standard","meta":{"footnotes":""},"categories":[1],"tags":[122,1919,899,1445],"class_list":["post-42782","post","type-post","status-publish","format-standard","hentry","category-allgemein","tag-blues-rock","tag-julian-sas","tag-rheinberg","tag-schwarzer-adler"],"_links":{"self":[{"href":"http:\/\/www.sounds-of-south.de\/wordpress\/wp-json\/wp\/v2\/posts\/42782","targetHints":{"allow":["GET"]}}],"collection":[{"href":"http:\/\/www.sounds-of-south.de\/wordpress\/wp-json\/wp\/v2\/posts"}],"about":[{"href":"http:\/\/www.sounds-of-south.de\/wordpress\/wp-json\/wp\/v2\/types\/post"}],"author":[{"embeddable":true,"href":"http:\/\/www.sounds-of-south.de\/wordpress\/wp-json\/wp\/v2\/users\/1"}],"replies":[{"embeddable":true,"href":"http:\/\/www.sounds-of-south.de\/wordpress\/wp-json\/wp\/v2\/comments?post=42782"}],"version-history":[{"count":5,"href":"http:\/\/www.sounds-of-south.de\/wordpress\/wp-json\/wp\/v2\/posts\/42782\/revisions"}],"predecessor-version":[{"id":42854,"href":"http:\/\/www.sounds-of-south.de\/wordpress\/wp-json\/wp\/v2\/posts\/42782\/revisions\/42854"}],"wp:attachment":[{"href":"http:\/\/www.sounds-of-south.de\/wordpress\/wp-json\/wp\/v2\/media?parent=42782"}],"wp:term":[{"taxonomy":"category","embeddable":true,"href":"http:\/\/www.sounds-of-south.de\/wordpress\/wp-json\/wp\/v2\/categories?post=42782"},{"taxonomy":"post_tag","embeddable":true,"href":"http:\/\/www.sounds-of-south.de\/wordpress\/wp-json\/wp\/v2\/tags?post=42782"}],"curies":[{"name":"wp","href":"https:\/\/api.w.org\/{rel}","templated":true}]}}